{"id":5304,"date":"2014-10-18T12:44:40","date_gmt":"2014-10-18T18:44:40","guid":{"rendered":"https:\/\/secondbysecondworldwar.com\/?p=5304"},"modified":"2014-10-18T12:44:40","modified_gmt":"2014-10-18T18:44:40","slug":"this-week-in-the-war-12-18-october-1942-occupied-paris-the-diary-of-helene-pitrou","status":"publish","type":"post","link":"https:\/\/secondbysecondworldwar.com\/?p=5304","title":{"rendered":"This week in the War, 12&#8211;18 October 1942: Occupied Paris &#038; the Diary of Helene Pitrou"},"content":{"rendered":"<p><div id=\"attachment_5312\" style=\"width: 219px\" class=\"wp-caption alignleft\"><a href=\"https:\/\/secondbysecondworldwar.com\/?attachment_id=5312\" rel=\"attachment wp-att-5312\"><img loading=\"lazy\" decoding=\"async\" aria-describedby=\"caption-attachment-5312\" class=\"size-medium wp-image-5312\" src=\"https:\/\/secondbysecondworldwar.com\/wp-content\/uploads\/2014\/10\/Wparisoccupe-e1413657715998-209x300.jpg\" alt=\"Dans Paris occupe: Journal d'Helene Pitrou-----by Paule du Bouchet (Gallimard Jeunesse, 2005) [Photograph by Edith-Mary Smith]\" width=\"209\" height=\"300\" srcset=\"https:\/\/secondbysecondworldwar.com\/wp-content\/uploads\/2014\/10\/Wparisoccupe-e1413657715998-209x300.jpg 209w, https:\/\/secondbysecondworldwar.com\/wp-content\/uploads\/2014\/10\/Wparisoccupe-e1413657715998-104x150.jpg 104w, https:\/\/secondbysecondworldwar.com\/wp-content\/uploads\/2014\/10\/Wparisoccupe-e1413657715998-715x1024.jpg 715w, https:\/\/secondbysecondworldwar.com\/wp-content\/uploads\/2014\/10\/Wparisoccupe-e1413657715998.jpg 1778w\" sizes=\"auto, (max-width: 209px) 100vw, 209px\" \/><\/a><p id=\"caption-attachment-5312\" class=\"wp-caption-text\">Dans Paris occupe: Journal d&#8217;Helene Pitrou&#8212;&#8211;by Paule du Bouchet (Gallimard Jeunesse, 2005) [Photograph by Edith-Mary Smith]<\/p><\/div>Readers of French children&#8217;s literature may be familiar with <em>Dans Paris Occup\u00e9<\/em>: <a title=\"Journal d'Helene Pitrou\" href=\"https:\/\/secondbysecondworldwar.com\/?p=3421\">Journal d&#8217;H\u00e9l\u00e8ne Pitrou<\/a>, 1940&#8211;1945, the fictional and wonderfully vivid diary of a French school girl who reports on the affairs of the day as she lives life in Nazi-occupied Paris during World War II. The book is the product of the imagination of French author, Paule du Bouchet, and conveys to present-day French children what it had been like to live in France during <em>l&#8217;Ombre<\/em>&#8212;the &#8216;Dark Years.&#8217;<\/p>\n<p>Readers of my blog may remember my comments on H\u00e9l\u00e8ne&#8217;s entry for <a title=\"Wednesday 29 January 1941\" href=\"https:\/\/secondbysecondworldwar.com\/?p=3421\">Wednesday 29 January 1941<\/a>, when she describes how her dreadful teacher, Mr. Bourgeois, orders her friend Josette Goldstein and two others girls (Suzanne Weil and Marguerite Grumbach) to change their seats. From now on, they are to be seated at the back of the class. All three girls are Jewish, of course.<\/p>\n<p>Checking H\u00e9l\u00e8ne&#8217;s entry for this week in the war, on 17 October 1942, we read the sad news that Josette and all her family have been arrested and sent to a camp in Germany. This does not bode well for Josette and those dear to her. Many Parisian Jews had been arrested\u00a0in July and confined to the <a title=\"Velodrome d'Hiver\" href=\"https:\/\/secondbysecondworldwar.com\/?p=5198\">V\u00e9lodrome d&#8217;Hiver<\/a> prior to deportation.\u00a0It was a common story for the Jews of France: arrested and sent to the <a title=\"concentration camp at Drancy\" href=\"https:\/\/secondbysecondworldwar.com\/?p=2364\">concentration camp at Drancy<\/a>, thence to Germany and further east to the extermination camps in Poland.<\/p>\n<p>H\u00e9l\u00e8ne&#8217;s mother (who is working for the Resistance) tells her daughter that when the war is over and she is married and she finds her diary and reads it again, she will remember how it once was, bad as well as good.<\/p>\n<p>&nbsp;<\/p>\n","protected":false},"excerpt":{"rendered":"<p>Readers of French children&#8217;s literature may be familiar with Dans Paris Occup\u00e9: Journal d&#8217;H\u00e9l\u00e8ne Pitrou, 1940&#8211;1945, the fictional and wonderfully vivid diary of a French school girl who reports on the affairs of the day as she lives life in &hellip; <a href=\"https:\/\/secondbysecondworldwar.com\/?p=5304\">Continue reading <span class=\"meta-nav\">&rarr;<\/span><\/a><\/p>\n","protected":false},"author":1,"featured_media":0,"comment_status":"open","ping_status":"open","sticky":false,"template":"","format":"standard","meta":{"footnotes":""},"categories":[1],"tags":[366,367,783,782],"class_list":["post-5304","post","type-post","status-publish","format-standard","hentry","category-world-war-ii","tag-dans-paris-occupe","tag-helene-pitrou","tag-paule-du-bouchet","tag-pitrou"],"_links":{"self":[{"href":"https:\/\/secondbysecondworldwar.com\/index.php?rest_route=\/wp\/v2\/posts\/5304","targetHints":{"allow":["GET"]}}],"collection":[{"href":"https:\/\/secondbysecondworldwar.com\/index.php?rest_route=\/wp\/v2\/posts"}],"about":[{"href":"https:\/\/secondbysecondworldwar.com\/index.php?rest_route=\/wp\/v2\/types\/post"}],"author":[{"embeddable":true,"href":"https:\/\/secondbysecondworldwar.com\/index.php?rest_route=\/wp\/v2\/users\/1"}],"replies":[{"embeddable":true,"href":"https:\/\/secondbysecondworldwar.com\/index.php?rest_route=%2Fwp%2Fv2%2Fcomments&post=5304"}],"version-history":[{"count":8,"href":"https:\/\/secondbysecondworldwar.com\/index.php?rest_route=\/wp\/v2\/posts\/5304\/revisions"}],"predecessor-version":[{"id":5313,"href":"https:\/\/secondbysecondworldwar.com\/index.php?rest_route=\/wp\/v2\/posts\/5304\/revisions\/5313"}],"wp:attachment":[{"href":"https:\/\/secondbysecondworldwar.com\/index.php?rest_route=%2Fwp%2Fv2%2Fmedia&parent=5304"}],"wp:term":[{"taxonomy":"category","embeddable":true,"href":"https:\/\/secondbysecondworldwar.com\/index.php?rest_route=%2Fwp%2Fv2%2Fcategories&post=5304"},{"taxonomy":"post_tag","embeddable":true,"href":"https:\/\/secondbysecondworldwar.com\/index.php?rest_route=%2Fwp%2Fv2%2Ftags&post=5304"}],"curies":[{"name":"wp","href":"https:\/\/api.w.org\/{rel}","templated":true}]}}